{"id":2248,"date":"2023-04-02T11:47:57","date_gmt":"2023-04-02T16:47:57","guid":{"rendered":"https:\/\/edicionesauriseduca.com\/web\/?p=2248"},"modified":"2023-04-02T11:47:57","modified_gmt":"2023-04-02T16:47:57","slug":"la-educacion-debe-tender-puentes-emocionales-entre-las-personas","status":"publish","type":"post","link":"https:\/\/edicionesauriseduca.com\/web\/la-educacion-debe-tender-puentes-emocionales-entre-las-personas\/","title":{"rendered":"La educaci\u00f3n debe tender puentes emocionales entre las personas"},"content":{"rendered":"\n<figure class=\"wp-block-image size-full\"><img fetchpriority=\"high\" decoding=\"async\" width=\"1000\" height=\"464\" src=\"https:\/\/edicionesauriseduca.com\/web\/wp-content\/uploads\/2023\/04\/86.jpg\" alt=\"\" class=\"wp-image-2249\" srcset=\"https:\/\/edicionesauriseduca.com\/web\/wp-content\/uploads\/2023\/04\/86.jpg 1000w, https:\/\/edicionesauriseduca.com\/web\/wp-content\/uploads\/2023\/04\/86-300x139.jpg 300w, https:\/\/edicionesauriseduca.com\/web\/wp-content\/uploads\/2023\/04\/86-768x356.jpg 768w\" sizes=\"(max-width: 1000px) 100vw, 1000px\" \/><\/figure>\n\n\n\n<p><strong>En un mundo multipolar e hiperconectado a trav\u00e9s de la Internet, se puede especular que la sociedad est\u00e1 m\u00e1s unida y armoniosa que antes, sin embargo, no es as\u00ed, pues saltan a la vista, problemas de discriminaci\u00f3n, conflictos b\u00e9licos, intolerancia y antipat\u00eda hacia aquellas personas que piensan o act\u00faan diferente al resto, por lo que es necesario tender puentes emocionales desde el terreno educativo.<\/strong><\/p>\n\n\n\n<p>En este contexto poco alentador y arropado de esperanza, recordemos a nuestros antepasados, quienes tendieron el primer puente emocional hacia los perros hasta catapultarlo en una amistad perdurable. En esta \u00e9poca, cuando los vientos de la posmodernidad parecen devorarnos como a marionetas, refugi\u00e9monos en la educaci\u00f3n, cuyo eje central es tender puentes emocionales y f\u00edsicos entre personas y pa\u00edses para una convivencia global y compartida, superando nuestra diferencia social, cultural y \u00e9tnica.<\/p>\n\n\n\n<p>Para vigorizar la ventaja de vivir bajo el paraguas de un puente de amistad, la sic\u00f3loga, Bego\u00f1a Ibarrola y Rafael Bisquerra, presidente de la Red Internacional de Educaci\u00f3n Emocional y Bienestar, coinciden que las emociones son pilares del aprendizaje y estas permiten una convivencia y bienestar entre ciudadanos, concibiendo que las personas deben estar unidas a trav\u00e9s de la amistad emp\u00e1tica con la finalidad de construir la gran familia humana, vincul\u00e1ndonos con todos los seres vivientes e inertes de nuestro planeta.<\/p>\n\n\n\n<p>Y, \u00bfes posible que la educaci\u00f3n pueda tender puentes emocionales entre personas y pa\u00edses?, desde luego que es funci\u00f3n de la escuela como epicentro de la pedagog\u00eda de la amistad, advirtiendo que todos los seres humanos descendemos de un mismo \u00e1rbol com\u00fan y necesitamos estar unidos para sobrevivir, pues de no fortalecer nuestro v\u00ednculo de amistad, caeremos en las garras de la intolerancia, el odio o alguna pandemia.<\/p>\n\n\n\n<p>En ese sentido, para contribuir a tender estos puentes, es necesario que existan pol\u00edticas educativas de alianzas entre pa\u00edses y dentro de ellas, centrarse en el estudiantado de la educaci\u00f3n b\u00e1sica, desarrollando asignaturas y talleres de valores de vida, as\u00ed como tambi\u00e9n es pertinente formar maestros y maestras con alto grado de amor hacia los dem\u00e1s, pues son ellos, los principales agentes que lideran puentes de amistad.<\/p>\n\n\n\n<p><strong>Siguiendo esta ruta, La Organizaci\u00f3n de las Naciones Unidas para la Educaci\u00f3n, la Ciencia y la Cultura, UNESCO, nos invita a tender puentes en lugar de levantar muros de indiferencia entre personas, y esto exige impulsar una filosof\u00eda humanista en los planes curriculares como contenidos transversales en la formaci\u00f3n de educandos con competencias de convivencia armoniosa.<\/strong><\/p>\n\n\n\n<p>Finalmente, para hacer realidad estas propuestas, atesoremos el gran negocio de convivir en armon\u00eda, pues contamos con una educaci\u00f3n democr\u00e1tica capaz de generar empat\u00eda y tender puentes de amistad entre personas y pa\u00edses hacia un destino com\u00fan: vivir mejor.<\/p>\n\n\n\n<p>\u00a9 David Auris Villegas. Escritor, columnista, pedagogo peruano y creador del ABDIV.<\/p>\n","protected":false},"excerpt":{"rendered":"<p>En un mundo multipolar e hiperconectado a trav\u00e9s de la Internet, se puede especular que la sociedad est\u00e1 m\u00e1s unida y armoniosa que antes, sin embargo, no es as\u00ed, pues &hellip; <a href=\"https:\/\/edicionesauriseduca.com\/web\/la-educacion-debe-tender-puentes-emocionales-entre-las-personas\/\" class=\"more-link\">Read More<\/a><\/p>\n","protected":false},"author":2,"featured_media":0,"comment_status":"open","ping_status":"open","sticky":false,"template":"","format":"standard","meta":{"footnotes":""},"categories":[7],"tags":[],"class_list":["post-2248","post","type-post","status-publish","format-standard","hentry","category-columna","entry"],"yoast_head":"<!-- This site is optimized with the Yoast SEO plugin v27.4 - https:\/\/yoast.com\/product\/yoast-seo-wordpress\/ -->\n<title>La educaci\u00f3n debe tender puentes emocionales entre las personas - Ediciones Auriseduca<\/title>\n<meta name=\"robots\" content=\"index, follow, max-snippet:-1, max-image-preview:large, max-video-preview:-1\" \/>\n<link rel=\"canonical\" href=\"https:\/\/edicionesauriseduca.com\/web\/la-educacion-debe-tender-puentes-emocionales-entre-las-personas\/\" \/>\n<meta property=\"og:locale\" content=\"es_ES\" \/>\n<meta property=\"og:type\" content=\"article\" \/>\n<meta property=\"og:title\" content=\"La educaci\u00f3n debe tender puentes emocionales entre las personas - Ediciones Auriseduca\" \/>\n<meta property=\"og:description\" content=\"En un mundo multipolar e hiperconectado a trav\u00e9s de la Internet, se puede especular que la sociedad est\u00e1 m\u00e1s unida y armoniosa que antes, sin embargo, no es as\u00ed, pues &hellip; Read More\" \/>\n<meta property=\"og:url\" content=\"https:\/\/edicionesauriseduca.com\/web\/la-educacion-debe-tender-puentes-emocionales-entre-las-personas\/\" \/>\n<meta property=\"og:site_name\" content=\"Ediciones Auriseduca\" \/>\n<meta property=\"article:published_time\" content=\"2023-04-02T16:47:57+00:00\" \/>\n<meta property=\"og:image\" content=\"https:\/\/edicionesauriseduca.com\/web\/wp-content\/uploads\/2023\/04\/86.jpg\" \/>\n<meta name=\"author\" content=\"David Auris Villegas\" \/>\n<meta name=\"twitter:card\" content=\"summary_large_image\" \/>\n<meta name=\"twitter:label1\" content=\"Written by\" \/>\n\t<meta name=\"twitter:data1\" content=\"David Auris Villegas\" \/>\n\t<meta name=\"twitter:label2\" content=\"Est. reading time\" \/>\n\t<meta name=\"twitter:data2\" content=\"2 minutos\" \/>\n<script type=\"application\/ld+json\" class=\"yoast-schema-graph\">{\"@context\":\"https:\\\/\\\/schema.org\",\"@graph\":[{\"@type\":\"Article\",\"@id\":\"https:\\\/\\\/edicionesauriseduca.com\\\/web\\\/la-educacion-debe-tender-puentes-emocionales-entre-las-personas\\\/#article\",\"isPartOf\":{\"@id\":\"https:\\\/\\\/edicionesauriseduca.com\\\/web\\\/la-educacion-debe-tender-puentes-emocionales-entre-las-personas\\\/\"},\"author\":{\"name\":\"David Auris Villegas\",\"@id\":\"https:\\\/\\\/edicionesauriseduca.com\\\/web\\\/#\\\/schema\\\/person\\\/3b97d1a5355b7e454193cbaeff47a69a\"},\"headline\":\"La educaci\u00f3n debe tender puentes emocionales entre las personas\",\"datePublished\":\"2023-04-02T16:47:57+00:00\",\"mainEntityOfPage\":{\"@id\":\"https:\\\/\\\/edicionesauriseduca.com\\\/web\\\/la-educacion-debe-tender-puentes-emocionales-entre-las-personas\\\/\"},\"wordCount\":506,\"commentCount\":0,\"image\":{\"@id\":\"https:\\\/\\\/edicionesauriseduca.com\\\/web\\\/la-educacion-debe-tender-puentes-emocionales-entre-las-personas\\\/#primaryimage\"},\"thumbnailUrl\":\"https:\\\/\\\/edicionesauriseduca.com\\\/web\\\/wp-content\\\/uploads\\\/2023\\\/04\\\/86.jpg\",\"articleSection\":[\"Columna\"],\"inLanguage\":\"es-PE\",\"potentialAction\":[{\"@type\":\"CommentAction\",\"name\":\"Comment\",\"target\":[\"https:\\\/\\\/edicionesauriseduca.com\\\/web\\\/la-educacion-debe-tender-puentes-emocionales-entre-las-personas\\\/#respond\"]}]},{\"@type\":\"WebPage\",\"@id\":\"https:\\\/\\\/edicionesauriseduca.com\\\/web\\\/la-educacion-debe-tender-puentes-emocionales-entre-las-personas\\\/\",\"url\":\"https:\\\/\\\/edicionesauriseduca.com\\\/web\\\/la-educacion-debe-tender-puentes-emocionales-entre-las-personas\\\/\",\"name\":\"La educaci\u00f3n debe tender puentes emocionales entre las personas - Ediciones Auriseduca\",\"isPartOf\":{\"@id\":\"https:\\\/\\\/edicionesauriseduca.com\\\/web\\\/#website\"},\"primaryImageOfPage\":{\"@id\":\"https:\\\/\\\/edicionesauriseduca.com\\\/web\\\/la-educacion-debe-tender-puentes-emocionales-entre-las-personas\\\/#primaryimage\"},\"image\":{\"@id\":\"https:\\\/\\\/edicionesauriseduca.com\\\/web\\\/la-educacion-debe-tender-puentes-emocionales-entre-las-personas\\\/#primaryimage\"},\"thumbnailUrl\":\"https:\\\/\\\/edicionesauriseduca.com\\\/web\\\/wp-content\\\/uploads\\\/2023\\\/04\\\/86.jpg\",\"datePublished\":\"2023-04-02T16:47:57+00:00\",\"author\":{\"@id\":\"https:\\\/\\\/edicionesauriseduca.com\\\/web\\\/#\\\/schema\\\/person\\\/3b97d1a5355b7e454193cbaeff47a69a\"},\"breadcrumb\":{\"@id\":\"https:\\\/\\\/edicionesauriseduca.com\\\/web\\\/la-educacion-debe-tender-puentes-emocionales-entre-las-personas\\\/#breadcrumb\"},\"inLanguage\":\"es-PE\",\"potentialAction\":[{\"@type\":\"ReadAction\",\"target\":[\"https:\\\/\\\/edicionesauriseduca.com\\\/web\\\/la-educacion-debe-tender-puentes-emocionales-entre-las-personas\\\/\"]}]},{\"@type\":\"ImageObject\",\"inLanguage\":\"es-PE\",\"@id\":\"https:\\\/\\\/edicionesauriseduca.com\\\/web\\\/la-educacion-debe-tender-puentes-emocionales-entre-las-personas\\\/#primaryimage\",\"url\":\"https:\\\/\\\/edicionesauriseduca.com\\\/web\\\/wp-content\\\/uploads\\\/2023\\\/04\\\/86.jpg\",\"contentUrl\":\"https:\\\/\\\/edicionesauriseduca.com\\\/web\\\/wp-content\\\/uploads\\\/2023\\\/04\\\/86.jpg\",\"width\":1000,\"height\":464},{\"@type\":\"BreadcrumbList\",\"@id\":\"https:\\\/\\\/edicionesauriseduca.com\\\/web\\\/la-educacion-debe-tender-puentes-emocionales-entre-las-personas\\\/#breadcrumb\",\"itemListElement\":[{\"@type\":\"ListItem\",\"position\":1,\"name\":\"Portada\",\"item\":\"https:\\\/\\\/edicionesauriseduca.com\\\/web\\\/\"},{\"@type\":\"ListItem\",\"position\":2,\"name\":\"La educaci\u00f3n debe tender puentes emocionales entre las personas\"}]},{\"@type\":\"WebSite\",\"@id\":\"https:\\\/\\\/edicionesauriseduca.com\\\/web\\\/#website\",\"url\":\"https:\\\/\\\/edicionesauriseduca.com\\\/web\\\/\",\"name\":\"Ediciones Auriseduca\",\"description\":\"\",\"potentialAction\":[{\"@type\":\"SearchAction\",\"target\":{\"@type\":\"EntryPoint\",\"urlTemplate\":\"https:\\\/\\\/edicionesauriseduca.com\\\/web\\\/?s={search_term_string}\"},\"query-input\":{\"@type\":\"PropertyValueSpecification\",\"valueRequired\":true,\"valueName\":\"search_term_string\"}}],\"inLanguage\":\"es-PE\"},{\"@type\":\"Person\",\"@id\":\"https:\\\/\\\/edicionesauriseduca.com\\\/web\\\/#\\\/schema\\\/person\\\/3b97d1a5355b7e454193cbaeff47a69a\",\"name\":\"David Auris Villegas\",\"image\":{\"@type\":\"ImageObject\",\"inLanguage\":\"es-PE\",\"@id\":\"https:\\\/\\\/secure.gravatar.com\\\/avatar\\\/08cc5b4685b5cebb4de30129a46e3c93a5cac8e52a47b099581adef7576e7c14?s=96&d=mm&r=g\",\"url\":\"https:\\\/\\\/secure.gravatar.com\\\/avatar\\\/08cc5b4685b5cebb4de30129a46e3c93a5cac8e52a47b099581adef7576e7c14?s=96&d=mm&r=g\",\"contentUrl\":\"https:\\\/\\\/secure.gravatar.com\\\/avatar\\\/08cc5b4685b5cebb4de30129a46e3c93a5cac8e52a47b099581adef7576e7c14?s=96&d=mm&r=g\",\"caption\":\"David Auris Villegas\"},\"url\":\"https:\\\/\\\/edicionesauriseduca.com\\\/web\\\/author\\\/nipidatrijulu\\\/\"}]}<\/script>\n<!-- \/ Yoast SEO plugin. -->","yoast_head_json":{"title":"La educaci\u00f3n debe tender puentes emocionales entre las personas - Ediciones Auriseduca","robots":{"index":"index","follow":"follow","max-snippet":"max-snippet:-1","max-image-preview":"max-image-preview:large","max-video-preview":"max-video-preview:-1"},"canonical":"https:\/\/edicionesauriseduca.com\/web\/la-educacion-debe-tender-puentes-emocionales-entre-las-personas\/","og_locale":"es_ES","og_type":"article","og_title":"La educaci\u00f3n debe tender puentes emocionales entre las personas - Ediciones Auriseduca","og_description":"En un mundo multipolar e hiperconectado a trav\u00e9s de la Internet, se puede especular que la sociedad est\u00e1 m\u00e1s unida y armoniosa que antes, sin embargo, no es as\u00ed, pues &hellip; Read More","og_url":"https:\/\/edicionesauriseduca.com\/web\/la-educacion-debe-tender-puentes-emocionales-entre-las-personas\/","og_site_name":"Ediciones Auriseduca","article_published_time":"2023-04-02T16:47:57+00:00","og_image":[{"url":"https:\/\/edicionesauriseduca.com\/web\/wp-content\/uploads\/2023\/04\/86.jpg","type":"","width":"","height":""}],"author":"David Auris Villegas","twitter_card":"summary_large_image","twitter_misc":{"Written by":"David Auris Villegas","Est. reading time":"2 minutos"},"schema":{"@context":"https:\/\/schema.org","@graph":[{"@type":"Article","@id":"https:\/\/edicionesauriseduca.com\/web\/la-educacion-debe-tender-puentes-emocionales-entre-las-personas\/#article","isPartOf":{"@id":"https:\/\/edicionesauriseduca.com\/web\/la-educacion-debe-tender-puentes-emocionales-entre-las-personas\/"},"author":{"name":"David Auris Villegas","@id":"https:\/\/edicionesauriseduca.com\/web\/#\/schema\/person\/3b97d1a5355b7e454193cbaeff47a69a"},"headline":"La educaci\u00f3n debe tender puentes emocionales entre las personas","datePublished":"2023-04-02T16:47:57+00:00","mainEntityOfPage":{"@id":"https:\/\/edicionesauriseduca.com\/web\/la-educacion-debe-tender-puentes-emocionales-entre-las-personas\/"},"wordCount":506,"commentCount":0,"image":{"@id":"https:\/\/edicionesauriseduca.com\/web\/la-educacion-debe-tender-puentes-emocionales-entre-las-personas\/#primaryimage"},"thumbnailUrl":"https:\/\/edicionesauriseduca.com\/web\/wp-content\/uploads\/2023\/04\/86.jpg","articleSection":["Columna"],"inLanguage":"es-PE","potentialAction":[{"@type":"CommentAction","name":"Comment","target":["https:\/\/edicionesauriseduca.com\/web\/la-educacion-debe-tender-puentes-emocionales-entre-las-personas\/#respond"]}]},{"@type":"WebPage","@id":"https:\/\/edicionesauriseduca.com\/web\/la-educacion-debe-tender-puentes-emocionales-entre-las-personas\/","url":"https:\/\/edicionesauriseduca.com\/web\/la-educacion-debe-tender-puentes-emocionales-entre-las-personas\/","name":"La educaci\u00f3n debe tender puentes emocionales entre las personas - Ediciones Auriseduca","isPartOf":{"@id":"https:\/\/edicionesauriseduca.com\/web\/#website"},"primaryImageOfPage":{"@id":"https:\/\/edicionesauriseduca.com\/web\/la-educacion-debe-tender-puentes-emocionales-entre-las-personas\/#primaryimage"},"image":{"@id":"https:\/\/edicionesauriseduca.com\/web\/la-educacion-debe-tender-puentes-emocionales-entre-las-personas\/#primaryimage"},"thumbnailUrl":"https:\/\/edicionesauriseduca.com\/web\/wp-content\/uploads\/2023\/04\/86.jpg","datePublished":"2023-04-02T16:47:57+00:00","author":{"@id":"https:\/\/edicionesauriseduca.com\/web\/#\/schema\/person\/3b97d1a5355b7e454193cbaeff47a69a"},"breadcrumb":{"@id":"https:\/\/edicionesauriseduca.com\/web\/la-educacion-debe-tender-puentes-emocionales-entre-las-personas\/#breadcrumb"},"inLanguage":"es-PE","potentialAction":[{"@type":"ReadAction","target":["https:\/\/edicionesauriseduca.com\/web\/la-educacion-debe-tender-puentes-emocionales-entre-las-personas\/"]}]},{"@type":"ImageObject","inLanguage":"es-PE","@id":"https:\/\/edicionesauriseduca.com\/web\/la-educacion-debe-tender-puentes-emocionales-entre-las-personas\/#primaryimage","url":"https:\/\/edicionesauriseduca.com\/web\/wp-content\/uploads\/2023\/04\/86.jpg","contentUrl":"https:\/\/edicionesauriseduca.com\/web\/wp-content\/uploads\/2023\/04\/86.jpg","width":1000,"height":464},{"@type":"BreadcrumbList","@id":"https:\/\/edicionesauriseduca.com\/web\/la-educacion-debe-tender-puentes-emocionales-entre-las-personas\/#breadcrumb","itemListElement":[{"@type":"ListItem","position":1,"name":"Portada","item":"https:\/\/edicionesauriseduca.com\/web\/"},{"@type":"ListItem","position":2,"name":"La educaci\u00f3n debe tender puentes emocionales entre las personas"}]},{"@type":"WebSite","@id":"https:\/\/edicionesauriseduca.com\/web\/#website","url":"https:\/\/edicionesauriseduca.com\/web\/","name":"Ediciones Auriseduca","description":"","potentialAction":[{"@type":"SearchAction","target":{"@type":"EntryPoint","urlTemplate":"https:\/\/edicionesauriseduca.com\/web\/?s={search_term_string}"},"query-input":{"@type":"PropertyValueSpecification","valueRequired":true,"valueName":"search_term_string"}}],"inLanguage":"es-PE"},{"@type":"Person","@id":"https:\/\/edicionesauriseduca.com\/web\/#\/schema\/person\/3b97d1a5355b7e454193cbaeff47a69a","name":"David Auris Villegas","image":{"@type":"ImageObject","inLanguage":"es-PE","@id":"https:\/\/secure.gravatar.com\/avatar\/08cc5b4685b5cebb4de30129a46e3c93a5cac8e52a47b099581adef7576e7c14?s=96&d=mm&r=g","url":"https:\/\/secure.gravatar.com\/avatar\/08cc5b4685b5cebb4de30129a46e3c93a5cac8e52a47b099581adef7576e7c14?s=96&d=mm&r=g","contentUrl":"https:\/\/secure.gravatar.com\/avatar\/08cc5b4685b5cebb4de30129a46e3c93a5cac8e52a47b099581adef7576e7c14?s=96&d=mm&r=g","caption":"David Auris Villegas"},"url":"https:\/\/edicionesauriseduca.com\/web\/author\/nipidatrijulu\/"}]}},"_links":{"self":[{"href":"https:\/\/edicionesauriseduca.com\/web\/wp-json\/wp\/v2\/posts\/2248","targetHints":{"allow":["GET"]}}],"collection":[{"href":"https:\/\/edicionesauriseduca.com\/web\/wp-json\/wp\/v2\/posts"}],"about":[{"href":"https:\/\/edicionesauriseduca.com\/web\/wp-json\/wp\/v2\/types\/post"}],"author":[{"embeddable":true,"href":"https:\/\/edicionesauriseduca.com\/web\/wp-json\/wp\/v2\/users\/2"}],"replies":[{"embeddable":true,"href":"https:\/\/edicionesauriseduca.com\/web\/wp-json\/wp\/v2\/comments?post=2248"}],"version-history":[{"count":1,"href":"https:\/\/edicionesauriseduca.com\/web\/wp-json\/wp\/v2\/posts\/2248\/revisions"}],"predecessor-version":[{"id":2250,"href":"https:\/\/edicionesauriseduca.com\/web\/wp-json\/wp\/v2\/posts\/2248\/revisions\/2250"}],"wp:attachment":[{"href":"https:\/\/edicionesauriseduca.com\/web\/wp-json\/wp\/v2\/media?parent=2248"}],"wp:term":[{"taxonomy":"category","embeddable":true,"href":"https:\/\/edicionesauriseduca.com\/web\/wp-json\/wp\/v2\/categories?post=2248"},{"taxonomy":"post_tag","embeddable":true,"href":"https:\/\/edicionesauriseduca.com\/web\/wp-json\/wp\/v2\/tags?post=2248"}],"curies":[{"name":"wp","href":"https:\/\/api.w.org\/{rel}","templated":true}]}}