{"id":2203,"date":"2023-03-14T12:11:57","date_gmt":"2023-03-14T17:11:57","guid":{"rendered":"https:\/\/edicionesauriseduca.com\/web\/?p=2203"},"modified":"2023-03-14T12:11:58","modified_gmt":"2023-03-14T17:11:58","slug":"marzo-inicio-de-clases-por-una-vida-mejor","status":"publish","type":"post","link":"https:\/\/edicionesauriseduca.com\/web\/marzo-inicio-de-clases-por-una-vida-mejor\/","title":{"rendered":"Marzo: inicio de clases por una vida mejor"},"content":{"rendered":"\n<figure class=\"wp-block-image size-full\"><img fetchpriority=\"high\" decoding=\"async\" width=\"1000\" height=\"464\" src=\"https:\/\/edicionesauriseduca.com\/web\/wp-content\/uploads\/2023\/03\/83.jpg\" alt=\"\" class=\"wp-image-2205\" srcset=\"https:\/\/edicionesauriseduca.com\/web\/wp-content\/uploads\/2023\/03\/83.jpg 1000w, https:\/\/edicionesauriseduca.com\/web\/wp-content\/uploads\/2023\/03\/83-300x139.jpg 300w, https:\/\/edicionesauriseduca.com\/web\/wp-content\/uploads\/2023\/03\/83-768x356.jpg 768w\" sizes=\"(max-width: 1000px) 100vw, 1000px\" \/><figcaption class=\"wp-element-caption\">Imagen tomada de: https:\/\/www.huachos.com\/detalle\/marzo-2023-inicio-de-clases-por-una-vida-mejor-para-todos-noticia-16219<\/figcaption><\/figure>\n\n\n\n<p><strong>Sabio es el que aspira una visi\u00f3n de vida para ser libre y m\u00e1s feliz. Como respuesta a esta inquietud de vivir mejor, en el Per\u00fa y en muchos pa\u00edses del mundo, este mes de marzo, las escuelas abren sus puertas para transformar y mejorar dram\u00e1ticamente la vida de millones de personas. En Per\u00fa, m\u00e1s de ocho millones de estudiantes con l\u00e1piz, papel y cuantiosas ilusiones bajo el brazo volver\u00e1n a las escuelas.<\/strong>\u00a0<\/p>\n\n\n\n<p>Para contribuir el aspecto formativo de toda una generaci\u00f3n, la Organizaci\u00f3n de las Naciones Unidas para la Educaci\u00f3n, la Ciencia y la Cultura, UNESCO, lidera los di\u00e1logos pedag\u00f3gicos a nivel mundial, con el objetivo de empoderar de habilidades cognitivas y emp\u00e1ticas en los estudiantes, sobre todo que tengan una visi\u00f3n de vida compartida.<\/p>\n\n\n\n<p>En ese sentido, la presidenta de Etiop\u00eda y ex alta comisionada de la UNESCO, Sahle-Work Zewde, hace un a\u00f1o hizo un llamado a las escuelas para ense\u00f1ar vivir juntos, con respeto, equidad y aprender a cuidar y compartir equitativamente los recursos naturales de nuestro planeta por una vida sostenible de la humanidad.&nbsp;<\/p>\n\n\n\n<p>Como todos nos beneficiamos del planeta, es natural que la educaci\u00f3n cultive la mente de las personas. Las tareas y las responsabilidades debemos asumir en conjunto, dada la alta incertidumbre del futuro y, para ello, es clave que las escuelas desarrollen las competencias y habilidades de sobrevivencia del siglo XXI con la finalidad de ir acortando toda clase de brechas, pues de aplazar estos desaf\u00edos, pondremos en riesgo nuestra propia supervivencia como especie.<\/p>\n\n\n\n<p>Y es la escuela, el maravilloso espacio donde podemos configurar un mundo con mayor equidad e igualdad de g\u00e9nero dentro de un marco de la democracia sostenida en los Derechos Humanos y universales. Una de las claves que el mundo de hoy requiere, es el respeto al otro y, eso es posible cultivar en las sesiones de aprendizajes interculturales, donde nadie es superior a otro, pues sencillamente todos somos importantes y poseemos sentimientos de amor y odio.<\/p>\n\n\n\n<p>Ahora, con la tecnolog\u00eda y la inteligencia artificial, los expertos de la educaci\u00f3n y los futur\u00f3logos, recomiendan desarrollar las clases h\u00edbridas, desde la primaria hasta los posgrados, tanto presencial y virtual, para estar a tono con los galopantes avances cient\u00edficos, pues de no desarrollar los aprendizajes en el mundo h\u00edbrido, estaremos perdiendo el tren de la historia.<\/p>\n\n\n\n<p><strong>Sin embargo, en Per\u00fa, cegados ante la realidad del avance digital del mundo, los tecn\u00f3cratas de la educaci\u00f3n peruana y el gobierno a trav\u00e9s de normas obligan a todos los niveles educativos volver a las aulas presenciales que, con esta acci\u00f3n, echan por tierra las lecciones de la pandemia y lo m\u00e1s espantoso, vamos a quedarnos rezagados en el mundo, pues China y otros pa\u00edses est\u00e1n digitaliz\u00e1ndose y nosotros estamos retrocediendo a las cavernas de cuatro paredes.<\/strong><\/p>\n\n\n\n<p>Finalmente, no podemos predecir el ma\u00f1ana, pero de lo que, si estamos seguros, es que para que el mundo de nuestra generaci\u00f3n y las futuras generaciones vivan mejor, debemos hacer que todas las personas del planeta, accedan a una educaci\u00f3n h\u00edbrida de calidad, de lo contrario el universo se tornar\u00e1 m\u00e1s ca\u00f3tico e insalvable.<\/p>\n\n\n\n<p>\u00a9 David Auris Villegas. Escritor, poeta, columnista y pedagogo peruano, creador del ABDIV.<\/p>\n","protected":false},"excerpt":{"rendered":"<p>Sabio es el que aspira una visi\u00f3n de vida para ser libre y m\u00e1s feliz. Como respuesta a esta inquietud de vivir mejor, en el Per\u00fa y en muchos pa\u00edses &hellip; <a href=\"https:\/\/edicionesauriseduca.com\/web\/marzo-inicio-de-clases-por-una-vida-mejor\/\" class=\"more-link\">Read More<\/a><\/p>\n","protected":false},"author":2,"featured_media":0,"comment_status":"open","ping_status":"open","sticky":false,"template":"","format":"standard","meta":{"footnotes":""},"categories":[7],"tags":[],"class_list":["post-2203","post","type-post","status-publish","format-standard","hentry","category-columna","entry"],"yoast_head":"<!-- This site is optimized with the Yoast SEO plugin v27.4 - https:\/\/yoast.com\/product\/yoast-seo-wordpress\/ -->\n<title>Marzo: inicio de clases por una vida mejor - Ediciones Auriseduca<\/title>\n<meta name=\"robots\" content=\"index, follow, max-snippet:-1, max-image-preview:large, max-video-preview:-1\" \/>\n<link rel=\"canonical\" href=\"https:\/\/edicionesauriseduca.com\/web\/marzo-inicio-de-clases-por-una-vida-mejor\/\" \/>\n<meta property=\"og:locale\" content=\"es_ES\" \/>\n<meta property=\"og:type\" content=\"article\" \/>\n<meta property=\"og:title\" content=\"Marzo: inicio de clases por una vida mejor - Ediciones Auriseduca\" \/>\n<meta property=\"og:description\" content=\"Sabio es el que aspira una visi\u00f3n de vida para ser libre y m\u00e1s feliz. Como respuesta a esta inquietud de vivir mejor, en el Per\u00fa y en muchos pa\u00edses &hellip; Read More\" \/>\n<meta property=\"og:url\" content=\"https:\/\/edicionesauriseduca.com\/web\/marzo-inicio-de-clases-por-una-vida-mejor\/\" \/>\n<meta property=\"og:site_name\" content=\"Ediciones Auriseduca\" \/>\n<meta property=\"article:published_time\" content=\"2023-03-14T17:11:57+00:00\" \/>\n<meta property=\"article:modified_time\" content=\"2023-03-14T17:11:58+00:00\" \/>\n<meta property=\"og:image\" content=\"https:\/\/edicionesauriseduca.com\/web\/wp-content\/uploads\/2023\/03\/83.jpg\" \/>\n<meta name=\"author\" content=\"David Auris Villegas\" \/>\n<meta name=\"twitter:card\" content=\"summary_large_image\" \/>\n<meta name=\"twitter:label1\" content=\"Written by\" \/>\n\t<meta name=\"twitter:data1\" content=\"David Auris Villegas\" \/>\n\t<meta name=\"twitter:label2\" content=\"Est. reading time\" \/>\n\t<meta name=\"twitter:data2\" content=\"3 minutos\" \/>\n<script type=\"application\/ld+json\" class=\"yoast-schema-graph\">{\"@context\":\"https:\\\/\\\/schema.org\",\"@graph\":[{\"@type\":\"Article\",\"@id\":\"https:\\\/\\\/edicionesauriseduca.com\\\/web\\\/marzo-inicio-de-clases-por-una-vida-mejor\\\/#article\",\"isPartOf\":{\"@id\":\"https:\\\/\\\/edicionesauriseduca.com\\\/web\\\/marzo-inicio-de-clases-por-una-vida-mejor\\\/\"},\"author\":{\"name\":\"David Auris Villegas\",\"@id\":\"https:\\\/\\\/edicionesauriseduca.com\\\/web\\\/#\\\/schema\\\/person\\\/3b97d1a5355b7e454193cbaeff47a69a\"},\"headline\":\"Marzo: inicio de clases por una vida mejor\",\"datePublished\":\"2023-03-14T17:11:57+00:00\",\"dateModified\":\"2023-03-14T17:11:58+00:00\",\"mainEntityOfPage\":{\"@id\":\"https:\\\/\\\/edicionesauriseduca.com\\\/web\\\/marzo-inicio-de-clases-por-una-vida-mejor\\\/\"},\"wordCount\":587,\"commentCount\":0,\"image\":{\"@id\":\"https:\\\/\\\/edicionesauriseduca.com\\\/web\\\/marzo-inicio-de-clases-por-una-vida-mejor\\\/#primaryimage\"},\"thumbnailUrl\":\"https:\\\/\\\/edicionesauriseduca.com\\\/web\\\/wp-content\\\/uploads\\\/2023\\\/03\\\/83.jpg\",\"articleSection\":[\"Columna\"],\"inLanguage\":\"es-PE\",\"potentialAction\":[{\"@type\":\"CommentAction\",\"name\":\"Comment\",\"target\":[\"https:\\\/\\\/edicionesauriseduca.com\\\/web\\\/marzo-inicio-de-clases-por-una-vida-mejor\\\/#respond\"]}]},{\"@type\":\"WebPage\",\"@id\":\"https:\\\/\\\/edicionesauriseduca.com\\\/web\\\/marzo-inicio-de-clases-por-una-vida-mejor\\\/\",\"url\":\"https:\\\/\\\/edicionesauriseduca.com\\\/web\\\/marzo-inicio-de-clases-por-una-vida-mejor\\\/\",\"name\":\"Marzo: inicio de clases por una vida mejor - Ediciones Auriseduca\",\"isPartOf\":{\"@id\":\"https:\\\/\\\/edicionesauriseduca.com\\\/web\\\/#website\"},\"primaryImageOfPage\":{\"@id\":\"https:\\\/\\\/edicionesauriseduca.com\\\/web\\\/marzo-inicio-de-clases-por-una-vida-mejor\\\/#primaryimage\"},\"image\":{\"@id\":\"https:\\\/\\\/edicionesauriseduca.com\\\/web\\\/marzo-inicio-de-clases-por-una-vida-mejor\\\/#primaryimage\"},\"thumbnailUrl\":\"https:\\\/\\\/edicionesauriseduca.com\\\/web\\\/wp-content\\\/uploads\\\/2023\\\/03\\\/83.jpg\",\"datePublished\":\"2023-03-14T17:11:57+00:00\",\"dateModified\":\"2023-03-14T17:11:58+00:00\",\"author\":{\"@id\":\"https:\\\/\\\/edicionesauriseduca.com\\\/web\\\/#\\\/schema\\\/person\\\/3b97d1a5355b7e454193cbaeff47a69a\"},\"breadcrumb\":{\"@id\":\"https:\\\/\\\/edicionesauriseduca.com\\\/web\\\/marzo-inicio-de-clases-por-una-vida-mejor\\\/#breadcrumb\"},\"inLanguage\":\"es-PE\",\"potentialAction\":[{\"@type\":\"ReadAction\",\"target\":[\"https:\\\/\\\/edicionesauriseduca.com\\\/web\\\/marzo-inicio-de-clases-por-una-vida-mejor\\\/\"]}]},{\"@type\":\"ImageObject\",\"inLanguage\":\"es-PE\",\"@id\":\"https:\\\/\\\/edicionesauriseduca.com\\\/web\\\/marzo-inicio-de-clases-por-una-vida-mejor\\\/#primaryimage\",\"url\":\"https:\\\/\\\/edicionesauriseduca.com\\\/web\\\/wp-content\\\/uploads\\\/2023\\\/03\\\/83.jpg\",\"contentUrl\":\"https:\\\/\\\/edicionesauriseduca.com\\\/web\\\/wp-content\\\/uploads\\\/2023\\\/03\\\/83.jpg\",\"width\":1000,\"height\":464},{\"@type\":\"BreadcrumbList\",\"@id\":\"https:\\\/\\\/edicionesauriseduca.com\\\/web\\\/marzo-inicio-de-clases-por-una-vida-mejor\\\/#breadcrumb\",\"itemListElement\":[{\"@type\":\"ListItem\",\"position\":1,\"name\":\"Portada\",\"item\":\"https:\\\/\\\/edicionesauriseduca.com\\\/web\\\/\"},{\"@type\":\"ListItem\",\"position\":2,\"name\":\"Marzo: inicio de clases por una vida mejor\"}]},{\"@type\":\"WebSite\",\"@id\":\"https:\\\/\\\/edicionesauriseduca.com\\\/web\\\/#website\",\"url\":\"https:\\\/\\\/edicionesauriseduca.com\\\/web\\\/\",\"name\":\"Ediciones Auriseduca\",\"description\":\"\",\"potentialAction\":[{\"@type\":\"SearchAction\",\"target\":{\"@type\":\"EntryPoint\",\"urlTemplate\":\"https:\\\/\\\/edicionesauriseduca.com\\\/web\\\/?s={search_term_string}\"},\"query-input\":{\"@type\":\"PropertyValueSpecification\",\"valueRequired\":true,\"valueName\":\"search_term_string\"}}],\"inLanguage\":\"es-PE\"},{\"@type\":\"Person\",\"@id\":\"https:\\\/\\\/edicionesauriseduca.com\\\/web\\\/#\\\/schema\\\/person\\\/3b97d1a5355b7e454193cbaeff47a69a\",\"name\":\"David Auris Villegas\",\"image\":{\"@type\":\"ImageObject\",\"inLanguage\":\"es-PE\",\"@id\":\"https:\\\/\\\/secure.gravatar.com\\\/avatar\\\/08cc5b4685b5cebb4de30129a46e3c93a5cac8e52a47b099581adef7576e7c14?s=96&d=mm&r=g\",\"url\":\"https:\\\/\\\/secure.gravatar.com\\\/avatar\\\/08cc5b4685b5cebb4de30129a46e3c93a5cac8e52a47b099581adef7576e7c14?s=96&d=mm&r=g\",\"contentUrl\":\"https:\\\/\\\/secure.gravatar.com\\\/avatar\\\/08cc5b4685b5cebb4de30129a46e3c93a5cac8e52a47b099581adef7576e7c14?s=96&d=mm&r=g\",\"caption\":\"David Auris Villegas\"},\"url\":\"https:\\\/\\\/edicionesauriseduca.com\\\/web\\\/author\\\/nipidatrijulu\\\/\"}]}<\/script>\n<!-- \/ Yoast SEO plugin. -->","yoast_head_json":{"title":"Marzo: inicio de clases por una vida mejor - Ediciones Auriseduca","robots":{"index":"index","follow":"follow","max-snippet":"max-snippet:-1","max-image-preview":"max-image-preview:large","max-video-preview":"max-video-preview:-1"},"canonical":"https:\/\/edicionesauriseduca.com\/web\/marzo-inicio-de-clases-por-una-vida-mejor\/","og_locale":"es_ES","og_type":"article","og_title":"Marzo: inicio de clases por una vida mejor - Ediciones Auriseduca","og_description":"Sabio es el que aspira una visi\u00f3n de vida para ser libre y m\u00e1s feliz. Como respuesta a esta inquietud de vivir mejor, en el Per\u00fa y en muchos pa\u00edses &hellip; Read More","og_url":"https:\/\/edicionesauriseduca.com\/web\/marzo-inicio-de-clases-por-una-vida-mejor\/","og_site_name":"Ediciones Auriseduca","article_published_time":"2023-03-14T17:11:57+00:00","article_modified_time":"2023-03-14T17:11:58+00:00","og_image":[{"url":"https:\/\/edicionesauriseduca.com\/web\/wp-content\/uploads\/2023\/03\/83.jpg","type":"","width":"","height":""}],"author":"David Auris Villegas","twitter_card":"summary_large_image","twitter_misc":{"Written by":"David Auris Villegas","Est. reading time":"3 minutos"},"schema":{"@context":"https:\/\/schema.org","@graph":[{"@type":"Article","@id":"https:\/\/edicionesauriseduca.com\/web\/marzo-inicio-de-clases-por-una-vida-mejor\/#article","isPartOf":{"@id":"https:\/\/edicionesauriseduca.com\/web\/marzo-inicio-de-clases-por-una-vida-mejor\/"},"author":{"name":"David Auris Villegas","@id":"https:\/\/edicionesauriseduca.com\/web\/#\/schema\/person\/3b97d1a5355b7e454193cbaeff47a69a"},"headline":"Marzo: inicio de clases por una vida mejor","datePublished":"2023-03-14T17:11:57+00:00","dateModified":"2023-03-14T17:11:58+00:00","mainEntityOfPage":{"@id":"https:\/\/edicionesauriseduca.com\/web\/marzo-inicio-de-clases-por-una-vida-mejor\/"},"wordCount":587,"commentCount":0,"image":{"@id":"https:\/\/edicionesauriseduca.com\/web\/marzo-inicio-de-clases-por-una-vida-mejor\/#primaryimage"},"thumbnailUrl":"https:\/\/edicionesauriseduca.com\/web\/wp-content\/uploads\/2023\/03\/83.jpg","articleSection":["Columna"],"inLanguage":"es-PE","potentialAction":[{"@type":"CommentAction","name":"Comment","target":["https:\/\/edicionesauriseduca.com\/web\/marzo-inicio-de-clases-por-una-vida-mejor\/#respond"]}]},{"@type":"WebPage","@id":"https:\/\/edicionesauriseduca.com\/web\/marzo-inicio-de-clases-por-una-vida-mejor\/","url":"https:\/\/edicionesauriseduca.com\/web\/marzo-inicio-de-clases-por-una-vida-mejor\/","name":"Marzo: inicio de clases por una vida mejor - Ediciones Auriseduca","isPartOf":{"@id":"https:\/\/edicionesauriseduca.com\/web\/#website"},"primaryImageOfPage":{"@id":"https:\/\/edicionesauriseduca.com\/web\/marzo-inicio-de-clases-por-una-vida-mejor\/#primaryimage"},"image":{"@id":"https:\/\/edicionesauriseduca.com\/web\/marzo-inicio-de-clases-por-una-vida-mejor\/#primaryimage"},"thumbnailUrl":"https:\/\/edicionesauriseduca.com\/web\/wp-content\/uploads\/2023\/03\/83.jpg","datePublished":"2023-03-14T17:11:57+00:00","dateModified":"2023-03-14T17:11:58+00:00","author":{"@id":"https:\/\/edicionesauriseduca.com\/web\/#\/schema\/person\/3b97d1a5355b7e454193cbaeff47a69a"},"breadcrumb":{"@id":"https:\/\/edicionesauriseduca.com\/web\/marzo-inicio-de-clases-por-una-vida-mejor\/#breadcrumb"},"inLanguage":"es-PE","potentialAction":[{"@type":"ReadAction","target":["https:\/\/edicionesauriseduca.com\/web\/marzo-inicio-de-clases-por-una-vida-mejor\/"]}]},{"@type":"ImageObject","inLanguage":"es-PE","@id":"https:\/\/edicionesauriseduca.com\/web\/marzo-inicio-de-clases-por-una-vida-mejor\/#primaryimage","url":"https:\/\/edicionesauriseduca.com\/web\/wp-content\/uploads\/2023\/03\/83.jpg","contentUrl":"https:\/\/edicionesauriseduca.com\/web\/wp-content\/uploads\/2023\/03\/83.jpg","width":1000,"height":464},{"@type":"BreadcrumbList","@id":"https:\/\/edicionesauriseduca.com\/web\/marzo-inicio-de-clases-por-una-vida-mejor\/#breadcrumb","itemListElement":[{"@type":"ListItem","position":1,"name":"Portada","item":"https:\/\/edicionesauriseduca.com\/web\/"},{"@type":"ListItem","position":2,"name":"Marzo: inicio de clases por una vida mejor"}]},{"@type":"WebSite","@id":"https:\/\/edicionesauriseduca.com\/web\/#website","url":"https:\/\/edicionesauriseduca.com\/web\/","name":"Ediciones Auriseduca","description":"","potentialAction":[{"@type":"SearchAction","target":{"@type":"EntryPoint","urlTemplate":"https:\/\/edicionesauriseduca.com\/web\/?s={search_term_string}"},"query-input":{"@type":"PropertyValueSpecification","valueRequired":true,"valueName":"search_term_string"}}],"inLanguage":"es-PE"},{"@type":"Person","@id":"https:\/\/edicionesauriseduca.com\/web\/#\/schema\/person\/3b97d1a5355b7e454193cbaeff47a69a","name":"David Auris Villegas","image":{"@type":"ImageObject","inLanguage":"es-PE","@id":"https:\/\/secure.gravatar.com\/avatar\/08cc5b4685b5cebb4de30129a46e3c93a5cac8e52a47b099581adef7576e7c14?s=96&d=mm&r=g","url":"https:\/\/secure.gravatar.com\/avatar\/08cc5b4685b5cebb4de30129a46e3c93a5cac8e52a47b099581adef7576e7c14?s=96&d=mm&r=g","contentUrl":"https:\/\/secure.gravatar.com\/avatar\/08cc5b4685b5cebb4de30129a46e3c93a5cac8e52a47b099581adef7576e7c14?s=96&d=mm&r=g","caption":"David Auris Villegas"},"url":"https:\/\/edicionesauriseduca.com\/web\/author\/nipidatrijulu\/"}]}},"_links":{"self":[{"href":"https:\/\/edicionesauriseduca.com\/web\/wp-json\/wp\/v2\/posts\/2203","targetHints":{"allow":["GET"]}}],"collection":[{"href":"https:\/\/edicionesauriseduca.com\/web\/wp-json\/wp\/v2\/posts"}],"about":[{"href":"https:\/\/edicionesauriseduca.com\/web\/wp-json\/wp\/v2\/types\/post"}],"author":[{"embeddable":true,"href":"https:\/\/edicionesauriseduca.com\/web\/wp-json\/wp\/v2\/users\/2"}],"replies":[{"embeddable":true,"href":"https:\/\/edicionesauriseduca.com\/web\/wp-json\/wp\/v2\/comments?post=2203"}],"version-history":[{"count":1,"href":"https:\/\/edicionesauriseduca.com\/web\/wp-json\/wp\/v2\/posts\/2203\/revisions"}],"predecessor-version":[{"id":2206,"href":"https:\/\/edicionesauriseduca.com\/web\/wp-json\/wp\/v2\/posts\/2203\/revisions\/2206"}],"wp:attachment":[{"href":"https:\/\/edicionesauriseduca.com\/web\/wp-json\/wp\/v2\/media?parent=2203"}],"wp:term":[{"taxonomy":"category","embeddable":true,"href":"https:\/\/edicionesauriseduca.com\/web\/wp-json\/wp\/v2\/categories?post=2203"},{"taxonomy":"post_tag","embeddable":true,"href":"https:\/\/edicionesauriseduca.com\/web\/wp-json\/wp\/v2\/tags?post=2203"}],"curies":[{"name":"wp","href":"https:\/\/api.w.org\/{rel}","templated":true}]}}